{"id":4905,"date":"2025-05-16T12:09:37","date_gmt":"2025-05-16T11:09:37","guid":{"rendered":"https:\/\/www.markusrosenbaum.com\/?p=4905"},"modified":"2026-04-17T17:18:46","modified_gmt":"2026-04-17T16:18:46","slug":"dj-trade-fair-nuernberg","status":"publish","type":"post","link":"https:\/\/www.markusrosenbaum.com\/en\/dj-messe-nuernberg\/","title":{"rendered":"DJ Messe N\u00fcrnberg: My gig at ALTENPFLEGE 2025"},"content":{"rendered":"<div data-elementor-type=\"wp-post\" data-elementor-id=\"4905\" class=\"elementor elementor-4905\">\n\t\t\t\t\t\t<section class=\"elementor-section elementor-top-section elementor-element elementor-element-77a8d4a elementor-section-boxed elementor-section-height-default elementor-section-height-default\" data-id=\"77a8d4a\" data-element_type=\"section\" data-e-type=\"section\">\n\t\t\t\t\t\t<div class=\"elementor-container elementor-column-gap-default\">\n\t\t\t\t\t<div class=\"elementor-column elementor-col-100 elementor-top-column elementor-element elementor-element-918504a\" data-id=\"918504a\" data-element_type=\"column\" data-e-type=\"column\">\n\t\t\t<div class=\"elementor-widget-wrap elementor-element-populated\">\n\t\t\t\t\t\t<div class=\"elementor-element elementor-element-490664c elementor-widget elementor-widget-heading\" data-id=\"490664c\" data-element_type=\"widget\" data-e-type=\"widget\" data-widget_type=\"heading.default\">\n\t\t\t\t<div class=\"elementor-widget-container\">\n\t\t\t\t\t<h2 class=\"elementor-heading-title elementor-size-default\">For Medifox Dan as DJ at the exhibition stand party in Nuremberg<\/h2>\t\t\t\t<\/div>\n\t\t\t\t<\/div>\n\t\t\t\t<div class=\"elementor-element elementor-element-53f2f70 elementor-widget elementor-widget-text-editor\" data-id=\"53f2f70\" data-element_type=\"widget\" data-e-type=\"widget\" data-widget_type=\"text-editor.default\">\n\t\t\t\t<div class=\"elementor-widget-container\">\n\t\t\t\t\t\t\t\t\t<p class=\"p1 translation-block\">I have already DJed at a wide variety of trade fairs, but this year was my first time on board at the <a href=\"https:\/\/www.altenpflege-messe.de\/de-DE\" target=\"_blank\" rel=\"noopener\">ALTENPFLEGE trade fair<\/a> in Nuremberg. The leading trade fair for the care sector took place in Nuremberg from 8 to 10 April and I had the honour of providing sound for the stand of Medifox Dan, a provider of software solutions for care and therapy, at the closing party.<\/p>\t\t\t\t\t\t\t\t<\/div>\n\t\t\t\t<\/div>\n\t\t\t\t<div class=\"elementor-element elementor-element-4aa5f62 elementor-widget elementor-widget-heading\" data-id=\"4aa5f62\" data-element_type=\"widget\" data-e-type=\"widget\" data-widget_type=\"heading.default\">\n\t\t\t\t<div class=\"elementor-widget-container\">\n\t\t\t\t\t<h3 class=\"elementor-heading-title elementor-size-default\">The ALTENPFLEGE trade fair in Nuremberg: an event for the care sector<\/h3>\t\t\t\t<\/div>\n\t\t\t\t<\/div>\n\t\t\t\t<div class=\"elementor-element elementor-element-9f3eab4 elementor-widget elementor-widget-text-editor\" data-id=\"9f3eab4\" data-element_type=\"widget\" data-e-type=\"widget\" data-widget_type=\"text-editor.default\">\n\t\t\t\t<div class=\"elementor-widget-container\">\n\t\t\t\t\t\t\t\t\t<p>The ALTENPFLEGE trade fair in Nuremberg is an important event for professionals from the care sector. Experts, suppliers and service providers meet here to discuss new developments and solutions in the field of care for the elderly. With a wide range of exhibitors, lectures and workshops, the trade fair is an absolute must for anyone working in the care sector. For me as a DJ, it's always exciting to discover how a trade fair can be combined with music and a good atmosphere.<\/p>\t\t\t\t\t\t\t\t<\/div>\n\t\t\t\t<\/div>\n\t\t\t\t<div class=\"elementor-element elementor-element-8924b79 elementor-widget elementor-widget-image\" data-id=\"8924b79\" data-element_type=\"widget\" data-e-type=\"widget\" data-widget_type=\"image.default\">\n\t\t\t\t<div class=\"elementor-widget-container\">\n\t\t\t\t\t\t\t\t\t\t\t\t<figure class=\"wp-caption\">\n\t\t\t\t\t\t\t\t\t\t<img fetchpriority=\"high\" decoding=\"async\" width=\"1200\" height=\"800\" src=\"https:\/\/www.markusrosenbaum.com\/wp-content\/uploads\/2025\/05\/dj-messe-stand-party-nuernberg-1200x800.jpg\" class=\"attachment-large size-large wp-image-4907\" alt=\"Visitors in front of the entrance to the Elderly Care Exhibition in Nuremberg.\" srcset=\"https:\/\/www.markusrosenbaum.com\/wp-content\/uploads\/2025\/05\/dj-messe-stand-party-nuernberg-1200x800.jpg 1200w, https:\/\/www.markusrosenbaum.com\/wp-content\/uploads\/2025\/05\/dj-messe-stand-party-nuernberg-300x200.jpg 300w, https:\/\/www.markusrosenbaum.com\/wp-content\/uploads\/2025\/05\/dj-messe-stand-party-nuernberg-768x512.jpg 768w, https:\/\/www.markusrosenbaum.com\/wp-content\/uploads\/2025\/05\/dj-messe-stand-party-nuernberg-1536x1024.jpg 1536w, https:\/\/www.markusrosenbaum.com\/wp-content\/uploads\/2025\/05\/dj-messe-stand-party-nuernberg-18x12.jpg 18w, https:\/\/www.markusrosenbaum.com\/wp-content\/uploads\/2025\/05\/dj-messe-stand-party-nuernberg.jpg 1920w\" sizes=\"(max-width: 1200px) 100vw, 1200px\" \/>\t\t\t\t\t\t\t\t\t\t\t<figcaption class=\"widget-image-caption wp-caption-text\"><\/figcaption>\n\t\t\t\t\t\t\t\t\t\t<\/figure>\n\t\t\t\t\t\t\t\t\t<\/div>\n\t\t\t\t<\/div>\n\t\t\t\t<div class=\"elementor-element elementor-element-3060711 postimgcaption elementor-widget elementor-widget-text-editor\" data-id=\"3060711\" data-element_type=\"widget\" data-e-type=\"widget\" data-widget_type=\"text-editor.default\">\n\t\t\t\t<div class=\"elementor-widget-container\">\n\t\t\t\t\t\t\t\t\t<p>Photo credits: MesseN\u00fcrnberg - Frank Boxler.<\/p>\t\t\t\t\t\t\t\t<\/div>\n\t\t\t\t<\/div>\n\t\t\t\t<div class=\"elementor-element elementor-element-0e6e3f6 elementor-widget elementor-widget-heading\" data-id=\"0e6e3f6\" data-element_type=\"widget\" data-e-type=\"widget\" data-widget_type=\"heading.default\">\n\t\t\t\t<div class=\"elementor-widget-container\">\n\t\t\t\t\t<h3 class=\"elementor-heading-title elementor-size-default\">My DJ set at the trade fair stand party for Medifox Dan <\/h3>\t\t\t\t<\/div>\n\t\t\t\t<\/div>\n\t\t\t\t<div class=\"elementor-element elementor-element-f191af2 elementor-widget elementor-widget-text-editor\" data-id=\"f191af2\" data-element_type=\"widget\" data-e-type=\"widget\" data-widget_type=\"text-editor.default\">\n\t\t\t\t<div class=\"elementor-widget-container\">\n\t\t\t\t\t\t\t\t\t<p class=\"translation-block\">It was the first time that I played for the client <a href=\"https:\/\/www.medifoxdan.de\" target=\"_blank\" rel=\"noopener\">Medifox Dan<\/a> at the ALTENPFLEGE trade fair, and I was very excited about the gig. As always in Nuremberg, the logistics were perfectly organised. It's not for nothing that Nuremberg is one of my favourite trade fair cities. Parking was straightforward and setting up my DJ equipment was quick and smooth. Simple but important details like this make all the difference, especially when you're working in an exhibition hall where many appointments and programmes follow one another and you're trying not to be in anyone's way.<\/p>\t\t\t\t\t\t\t\t<\/div>\n\t\t\t\t<\/div>\n\t\t\t\t<div class=\"elementor-element elementor-element-c75ca9c elementor-widget elementor-widget-heading\" data-id=\"c75ca9c\" data-element_type=\"widget\" data-e-type=\"widget\" data-widget_type=\"heading.default\">\n\t\t\t\t<div class=\"elementor-widget-container\">\n\t\t\t\t\t<h3 class=\"elementor-heading-title elementor-size-default\">Customer review of Medifox Dan at eventpeppers.com<\/h3>\t\t\t\t<\/div>\n\t\t\t\t<\/div>\n\t\t\t\t<div class=\"elementor-element elementor-element-ac7bc98 elementor-widget elementor-widget-image\" data-id=\"ac7bc98\" data-element_type=\"widget\" data-e-type=\"widget\" data-widget_type=\"image.default\">\n\t\t\t\t<div class=\"elementor-widget-container\">\n\t\t\t\t\t\t\t\t\t\t\t\t\t\t\t<img decoding=\"async\" width=\"980\" height=\"226\" src=\"https:\/\/www.markusrosenbaum.com\/wp-content\/uploads\/2025\/05\/Bewertungen-von-DJ-Markus-Rosenbaum-eventpeppers.png\" class=\"attachment-large size-large wp-image-4921\" alt=\"Screenshot of a 5-star review: Customer Medifox Dan praises event DJ Markus Rosenbaum for the great atmosphere at the Altenpflege Messe Nuremberg.\" srcset=\"https:\/\/www.markusrosenbaum.com\/wp-content\/uploads\/2025\/05\/Bewertungen-von-DJ-Markus-Rosenbaum-eventpeppers.png 980w, https:\/\/www.markusrosenbaum.com\/wp-content\/uploads\/2025\/05\/Bewertungen-von-DJ-Markus-Rosenbaum-eventpeppers-300x69.png 300w, https:\/\/www.markusrosenbaum.com\/wp-content\/uploads\/2025\/05\/Bewertungen-von-DJ-Markus-Rosenbaum-eventpeppers-768x177.png 768w, https:\/\/www.markusrosenbaum.com\/wp-content\/uploads\/2025\/05\/Bewertungen-von-DJ-Markus-Rosenbaum-eventpeppers-18x4.png 18w\" sizes=\"(max-width: 980px) 100vw, 980px\" \/>\t\t\t\t\t\t\t\t\t\t\t\t\t\t\t<\/div>\n\t\t\t\t<\/div>\n\t\t\t\t<div class=\"elementor-element elementor-element-bae39f5 elementor-widget elementor-widget-spacer\" data-id=\"bae39f5\" data-element_type=\"widget\" data-e-type=\"widget\" data-widget_type=\"spacer.default\">\n\t\t\t\t<div class=\"elementor-widget-container\">\n\t\t\t\t\t\t\t<div class=\"elementor-spacer\">\n\t\t\t<div class=\"elementor-spacer-inner\"><\/div>\n\t\t<\/div>\n\t\t\t\t\t\t<\/div>\n\t\t\t\t<\/div>\n\t\t\t\t<div class=\"elementor-element elementor-element-b32230c elementor-widget elementor-widget-heading\" data-id=\"b32230c\" data-element_type=\"widget\" data-e-type=\"widget\" data-widget_type=\"heading.default\">\n\t\t\t\t<div class=\"elementor-widget-container\">\n\t\t\t\t\t<h3 class=\"elementor-heading-title elementor-size-default\">The exhibition stand party for healthcare providers at the Nuremberg trade fair <\/h3>\t\t\t\t<\/div>\n\t\t\t\t<\/div>\n\t\t\t\t<div class=\"elementor-element elementor-element-3a4119c elementor-widget elementor-widget-text-editor\" data-id=\"3a4119c\" data-element_type=\"widget\" data-e-type=\"widget\" data-widget_type=\"text-editor.default\">\n\t\t\t\t<div class=\"elementor-widget-container\">\n\t\t\t\t\t\t\t\t\t<p>My DJ set started at 5.30 pm and I played until 10 pm - the perfect way to end the working day in a relaxed yet energetic atmosphere. The party was intended for the employees of Medifox Dan, and I know from experience that employees are always in a party mood after a long trade fair. It was a great way for the employer to say thank you to its employees and a nice way to round off the event, filling the trade fair stand with music and lifting everyone's spirits.<\/p><p>At first - as always at a trade fair stand party - networking and relaxed drinks were on the agenda, which I accompanied with suitable chill-out and background beats. But as soon as I turned up the music, most people couldn't stop dancing and the dance floor was quickly packed. Time flew by and the dance floor was filled with a party crowd that was in a party mood. After all the hustle and bustle and the exhausting days at the trade fair, a trade fair stand party is just the right thing to switch off and let go.<\/p>\t\t\t\t\t\t\t\t<\/div>\n\t\t\t\t<\/div>\n\t\t\t\t<section class=\"elementor-section elementor-inner-section elementor-element elementor-element-03304f0 elementor-section-boxed elementor-section-height-default elementor-section-height-default\" data-id=\"03304f0\" data-element_type=\"section\" data-e-type=\"section\">\n\t\t\t\t\t\t<div class=\"elementor-container elementor-column-gap-default\">\n\t\t\t\t\t<div class=\"elementor-column elementor-col-50 elementor-inner-column elementor-element elementor-element-67d65e3\" data-id=\"67d65e3\" data-element_type=\"column\" data-e-type=\"column\">\n\t\t\t<div class=\"elementor-widget-wrap elementor-element-populated\">\n\t\t\t\t\t\t<div class=\"elementor-element elementor-element-d20749d elementor-widget elementor-widget-image\" data-id=\"d20749d\" data-element_type=\"widget\" data-e-type=\"widget\" data-widget_type=\"image.default\">\n\t\t\t\t<div class=\"elementor-widget-container\">\n\t\t\t\t\t\t\t\t\t\t\t\t<figure class=\"wp-caption\">\n\t\t\t\t\t\t\t\t\t\t<img decoding=\"async\" width=\"960\" height=\"1200\" src=\"https:\/\/www.markusrosenbaum.com\/wp-content\/uploads\/2025\/05\/dj-messe-stand-party-nuernberg-1-960x1200.jpg\" class=\"attachment-large size-large wp-image-4912\" alt=\"Event DJ Markus Rosenbaum is performing at his deck at the Altenpflege trade fair in Nuremberg.\" srcset=\"https:\/\/www.markusrosenbaum.com\/wp-content\/uploads\/2025\/05\/dj-messe-stand-party-nuernberg-1-960x1200.jpg 960w, https:\/\/www.markusrosenbaum.com\/wp-content\/uploads\/2025\/05\/dj-messe-stand-party-nuernberg-1-240x300.jpg 240w, https:\/\/www.markusrosenbaum.com\/wp-content\/uploads\/2025\/05\/dj-messe-stand-party-nuernberg-1-768x960.jpg 768w, https:\/\/www.markusrosenbaum.com\/wp-content\/uploads\/2025\/05\/dj-messe-stand-party-nuernberg-1-1229x1536.jpg 1229w, https:\/\/www.markusrosenbaum.com\/wp-content\/uploads\/2025\/05\/dj-messe-stand-party-nuernberg-1-10x12.jpg 10w, https:\/\/www.markusrosenbaum.com\/wp-content\/uploads\/2025\/05\/dj-messe-stand-party-nuernberg-1.jpg 1280w\" sizes=\"(max-width: 960px) 100vw, 960px\" \/>\t\t\t\t\t\t\t\t\t\t\t<figcaption class=\"widget-image-caption wp-caption-text\"><\/figcaption>\n\t\t\t\t\t\t\t\t\t\t<\/figure>\n\t\t\t\t\t\t\t\t\t<\/div>\n\t\t\t\t<\/div>\n\t\t\t\t\t<\/div>\n\t\t<\/div>\n\t\t\t\t<div class=\"elementor-column elementor-col-50 elementor-inner-column elementor-element elementor-element-68a8a58\" data-id=\"68a8a58\" data-element_type=\"column\" data-e-type=\"column\">\n\t\t\t<div class=\"elementor-widget-wrap elementor-element-populated\">\n\t\t\t\t\t\t<div class=\"elementor-element elementor-element-c259d98 elementor-widget elementor-widget-image\" data-id=\"c259d98\" data-element_type=\"widget\" data-e-type=\"widget\" data-widget_type=\"image.default\">\n\t\t\t\t<div class=\"elementor-widget-container\">\n\t\t\t\t\t\t\t\t\t\t\t\t<figure class=\"wp-caption\">\n\t\t\t\t\t\t\t\t\t\t<img loading=\"lazy\" decoding=\"async\" width=\"960\" height=\"1200\" src=\"https:\/\/www.markusrosenbaum.com\/wp-content\/uploads\/2025\/05\/dj-markus-rosenbaum-messe-nuernberg-960x1200.jpg\" class=\"attachment-large size-large wp-image-4911\" alt=\"Event DJ Markus Rosenbaum stands behind his DJ booth at the Aged Care Trade Fair.\" srcset=\"https:\/\/www.markusrosenbaum.com\/wp-content\/uploads\/2025\/05\/dj-markus-rosenbaum-messe-nuernberg-960x1200.jpg 960w, https:\/\/www.markusrosenbaum.com\/wp-content\/uploads\/2025\/05\/dj-markus-rosenbaum-messe-nuernberg-240x300.jpg 240w, https:\/\/www.markusrosenbaum.com\/wp-content\/uploads\/2025\/05\/dj-markus-rosenbaum-messe-nuernberg-768x960.jpg 768w, https:\/\/www.markusrosenbaum.com\/wp-content\/uploads\/2025\/05\/dj-markus-rosenbaum-messe-nuernberg-1229x1536.jpg 1229w, https:\/\/www.markusrosenbaum.com\/wp-content\/uploads\/2025\/05\/dj-markus-rosenbaum-messe-nuernberg-10x12.jpg 10w, https:\/\/www.markusrosenbaum.com\/wp-content\/uploads\/2025\/05\/dj-markus-rosenbaum-messe-nuernberg.jpg 1280w\" sizes=\"(max-width: 960px) 100vw, 960px\" \/>\t\t\t\t\t\t\t\t\t\t\t<figcaption class=\"widget-image-caption wp-caption-text\"><\/figcaption>\n\t\t\t\t\t\t\t\t\t\t<\/figure>\n\t\t\t\t\t\t\t\t\t<\/div>\n\t\t\t\t<\/div>\n\t\t\t\t\t<\/div>\n\t\t<\/div>\n\t\t\t\t\t<\/div>\n\t\t<\/section>\n\t\t\t\t<div class=\"elementor-element elementor-element-3ae5114 postimgcaption elementor-widget elementor-widget-text-editor\" data-id=\"3ae5114\" data-element_type=\"widget\" data-e-type=\"widget\" data-widget_type=\"text-editor.default\">\n\t\t\t\t<div class=\"elementor-widget-container\">\n\t\t\t\t\t\t\t\t\t<p class=\"translation-block\">Photo credit: <a href=\"https:\/\/www.klocke.media\/\" target=\"_blank\" rel=\"noopener\">Klocke Media<\/a><\/p>\t\t\t\t\t\t\t\t<\/div>\n\t\t\t\t<\/div>\n\t\t\t\t<div class=\"elementor-element elementor-element-063ce97 elementor-widget elementor-widget-heading\" data-id=\"063ce97\" data-element_type=\"widget\" data-e-type=\"widget\" data-widget_type=\"heading.default\">\n\t\t\t\t<div class=\"elementor-widget-container\">\n\t\t\t\t\t<h3 class=\"elementor-heading-title elementor-size-default\">The hits of the evening: these songs got the dance floor shaking at the trade fair stand party <\/h3>\t\t\t\t<\/div>\n\t\t\t\t<\/div>\n\t\t\t\t<div class=\"elementor-element elementor-element-bb9c18e elementor-widget elementor-widget-text-editor\" data-id=\"bb9c18e\" data-element_type=\"widget\" data-e-type=\"widget\" data-widget_type=\"text-editor.default\">\n\t\t\t\t<div class=\"elementor-widget-container\">\n\t\t\t\t\t\t\t\t\t<p>There are always a few tracks that really get the crowd going. On this evening, there were three songs in particular that created a fantastic atmosphere:<\/p><ul><li>Ros\u00e9 &amp; Bruno Mars - APT.<\/li><li>House of Pain - Jump Around<\/li><li>Bellini \u2013 Samba De Janeiro (Freejak Remix)<\/li><\/ul><p>These songs not only got the dance floor shaking, but also turned the entire exhibition stand into a huge party zone. The employees really switched off after the exhausting days and went into party mode. The atmosphere was great!<\/p>\t\t\t\t\t\t\t\t<\/div>\n\t\t\t\t<\/div>\n\t\t\t\t<div class=\"elementor-element elementor-element-1132ba1 elementor-widget elementor-widget-heading\" data-id=\"1132ba1\" data-element_type=\"widget\" data-e-type=\"widget\" data-widget_type=\"heading.default\">\n\t\t\t\t<div class=\"elementor-widget-container\">\n\t\t\t\t\t<h3 class=\"elementor-heading-title elementor-size-default\">The singalong moments: community spirit included <\/h3>\t\t\t\t<\/div>\n\t\t\t\t<\/div>\n\t\t\t\t<div class=\"elementor-element elementor-element-c9e0e59 elementor-widget elementor-widget-text-editor\" data-id=\"c9e0e59\" data-element_type=\"widget\" data-e-type=\"widget\" data-widget_type=\"text-editor.default\">\n\t\t\t\t<div class=\"elementor-widget-container\">\n\t\t\t\t\t\t\t\t\t<p>The Party People sang along to these three singalong songs, which I played at the trade fair stand party that evening:<\/p><ul><li>Natasha Bedingfield \u2013 Unwritten<\/li><li>Atomic Kitten \u2013 Whole Again<\/li><li>N-Sync - Tearin\u2018 Up My Heart<\/li><\/ul>\t\t\t\t\t\t\t\t<\/div>\n\t\t\t\t<\/div>\n\t\t\t\t<div class=\"elementor-element elementor-element-e971418 elementor-widget elementor-widget-heading\" data-id=\"e971418\" data-element_type=\"widget\" data-e-type=\"widget\" data-widget_type=\"heading.default\">\n\t\t\t\t<div class=\"elementor-widget-container\">\n\t\t\t\t\t<h3 class=\"elementor-heading-title elementor-size-default\">The community song of the evening: an unforgettable moment <\/h3>\t\t\t\t<\/div>\n\t\t\t\t<\/div>\n\t\t\t\t<div class=\"elementor-element elementor-element-8b862ea elementor-widget elementor-widget-text-editor\" data-id=\"8b862ea\" data-element_type=\"widget\" data-e-type=\"widget\" data-widget_type=\"text-editor.default\">\n\t\t\t\t<div class=\"elementor-widget-container\">\n\t\t\t\t\t\t\t\t\t<p>One of the most emotional and at the same time most celebrated songs of the evening was \"Feel\" by Robbie Williams. This song is always guaranteed to unite all the guests and create wonderful memories. A perfect end to an evening with brilliant beats and an exuberant atmosphere.<\/p>\t\t\t\t\t\t\t\t<\/div>\n\t\t\t\t<\/div>\n\t\t\t\t<div class=\"elementor-element elementor-element-cfe00d5 elementor-widget elementor-widget-heading\" data-id=\"cfe00d5\" data-element_type=\"widget\" data-e-type=\"widget\" data-widget_type=\"heading.default\">\n\t\t\t\t<div class=\"elementor-widget-container\">\n\t\t\t\t\t<h3 class=\"elementor-heading-title elementor-size-default\">A successful DJ gig at the trade fair in Nuremberg <\/h3>\t\t\t\t<\/div>\n\t\t\t\t<\/div>\n\t\t\t\t<div class=\"elementor-element elementor-element-eb46542 elementor-widget elementor-widget-text-editor\" data-id=\"eb46542\" data-element_type=\"widget\" data-e-type=\"widget\" data-widget_type=\"text-editor.default\">\n\t\t\t\t<div class=\"elementor-widget-container\">\n\t\t\t\t\t\t\t\t\t<p>Unfortunately, as in many German trade fair cities, the party in Nuremberg had to end at 10.00 pm. To be honest, this was a great pity, as the 150 party-loving employees would certainly have kept on dancing, as the \"one more to go\" choruses from the party crowd loudly informed me. But even the best party has to come to an end, and unfortunately the deadlines at trade fairs are usually a little stricter. In any case, the evening was a complete success and I'm delighted that I was able to be there as DJ at the trade fair stand party in Nuremberg.<\/p><p><span style=\"font-style: inherit; font-weight: inherit;\">I'm already looking forward to the next exhibition in Nuremberg!<\/span><\/p>\t\t\t\t\t\t\t\t<\/div>\n\t\t\t\t<\/div>\n\t\t\t\t<div class=\"elementor-element elementor-element-c00396f postimgcaption elementor-widget elementor-widget-text-editor\" data-id=\"c00396f\" data-element_type=\"widget\" data-e-type=\"widget\" data-widget_type=\"text-editor.default\">\n\t\t\t\t<div class=\"elementor-widget-container\">\n\t\t\t\t\t\t\t\t\t<p>Photo credits for header photo: MesseN\u00fcrnberg - Heiko Stahl<\/p>\t\t\t\t\t\t\t\t<\/div>\n\t\t\t\t<\/div>\n\t\t\t\t\t<\/div>\n\t\t<\/div>\n\t\t\t\t\t<\/div>\n\t\t<\/section>\n\t\t<div class=\"elementor-element elementor-element-e4e4f8c elementor-hidden-desktop elementor-hidden-tablet e-flex e-con-boxed e-con e-parent\" data-id=\"e4e4f8c\" data-element_type=\"container\" data-e-type=\"container\" data-settings=\"{&quot;background_background&quot;:&quot;classic&quot;}\">\n\t\t\t\t\t<div class=\"e-con-inner\">\n\t\t<div class=\"elementor-element elementor-element-e4004bd e-con-full e-flex e-con e-child\" data-id=\"e4004bd\" data-element_type=\"container\" data-e-type=\"container\">\n\t\t\t\t<div class=\"elementor-element elementor-element-dc6db24 elementor-widget elementor-widget-heading\" data-id=\"dc6db24\" data-element_type=\"widget\" data-e-type=\"widget\" data-widget_type=\"heading.default\">\n\t\t\t\t<div class=\"elementor-widget-container\">\n\t\t\t\t\t<h3 class=\"elementor-heading-title elementor-size-default translation-block\">Are you looking for a DJ for your trade fair party? I have already played at <a href=\"https:\/\/www.markusrosenbaum.com\/en\/events\/exhibitions\/\" target=\"_self\">all major trade fairs in Germany<\/a>.<\/h3>\t\t\t\t<\/div>\n\t\t\t\t<\/div>\n\t\t\t\t<div class=\"elementor-element elementor-element-6ead1d9 elementor-widget elementor-widget-text-editor\" data-id=\"6ead1d9\" data-element_type=\"widget\" data-e-type=\"widget\" data-widget_type=\"text-editor.default\">\n\t\t\t\t<div class=\"elementor-widget-container\">\n\t\t\t\t\t\t\t\t\t<p style=\"text-align: center;\">Ask me now for your trade fair stand party!<\/p>\t\t\t\t\t\t\t\t<\/div>\n\t\t\t\t<\/div>\n\t\t\t\t<div class=\"elementor-element elementor-element-71427ee elementor-align-center elementor-tablet-align-center elementor-widget elementor-widget-button\" data-id=\"71427ee\" data-element_type=\"widget\" data-e-type=\"widget\" data-widget_type=\"button.default\">\n\t\t\t\t<div class=\"elementor-widget-container\">\n\t\t\t\t\t\t\t\t\t<div class=\"elementor-button-wrapper\">\n\t\t\t\t\t<a class=\"elementor-button elementor-button-link elementor-size-sm\" href=\"https:\/\/www.markusrosenbaum.com\/en\/contact\/\">\n\t\t\t\t\t\t<span class=\"elementor-button-content-wrapper\">\n\t\t\t\t\t\t<span class=\"elementor-button-icon\">\n\t\t\t\t<i aria-hidden=\"true\" class=\"fas fa-arrow-right\"><\/i>\t\t\t<\/span>\n\t\t\t\t\t\t\t\t\t<span class=\"elementor-button-text\">enquire now<\/span>\n\t\t\t\t\t<\/span>\n\t\t\t\t\t<\/a>\n\t\t\t\t<\/div>\n\t\t\t\t\t\t\t\t<\/div>\n\t\t\t\t<\/div>\n\t\t\t\t<\/div>\n\t\t\t\t\t<\/div>\n\t\t\t\t<\/div>\n\t\t<div class=\"elementor-element elementor-element-f26c8ec e-flex e-con-boxed e-con e-parent\" data-id=\"f26c8ec\" data-element_type=\"container\" data-e-type=\"container\" data-settings=\"{&quot;background_background&quot;:&quot;classic&quot;}\">\n\t\t\t\t\t<div class=\"e-con-inner\">\n\t\t<div class=\"elementor-element elementor-element-428cc2b elementor-hidden-phone e-con-full e-flex e-con e-child\" data-id=\"428cc2b\" data-element_type=\"container\" data-e-type=\"container\">\n\t\t\t\t<\/div>\n\t\t<div class=\"elementor-element elementor-element-0888e79 elementor-hidden-phone e-con-full e-flex e-con e-child\" data-id=\"0888e79\" data-element_type=\"container\" data-e-type=\"container\">\n\t\t\t\t<div class=\"elementor-element elementor-element-5094591 elementor-widget elementor-widget-heading\" data-id=\"5094591\" data-element_type=\"widget\" data-e-type=\"widget\" data-widget_type=\"heading.default\">\n\t\t\t\t<div class=\"elementor-widget-container\">\n\t\t\t\t\t<h3 class=\"elementor-heading-title elementor-size-default\">Are you looking for a DJ for your trade fair party?<\/h3>\t\t\t\t<\/div>\n\t\t\t\t<\/div>\n\t\t\t\t<div class=\"elementor-element elementor-element-a93a1a4 elementor-widget elementor-widget-text-editor\" data-id=\"a93a1a4\" data-element_type=\"widget\" data-e-type=\"widget\" data-widget_type=\"text-editor.default\">\n\t\t\t\t<div class=\"elementor-widget-container\">\n\t\t\t\t\t\t\t\t\t<p style=\"text-align: center;\">I have as <a href=\"https:\/\/www.markusrosenbaum.com\/en\/events\/exhibitions\/\">Exhibition DJ<\/a> previously been permitted to perform at all major trade fairs in Germany, such as at the <a href=\"https:\/\/www.markusrosenbaum.com\/en\/dj-omr-hamburg-trade-fair\/\">OMR in Hamburg<\/a> or the <a href=\"https:\/\/www.markusrosenbaum.com\/en\/dj-gamescom\/\">Gamescom in Cologne<\/a>. Enquire about your exhibition stand party now!<\/p>\t\t\t\t\t\t\t\t<\/div>\n\t\t\t\t<\/div>\n\t\t\t\t<div class=\"elementor-element elementor-element-5b43b60 elementor-align-center elementor-tablet-align-center elementor-widget elementor-widget-button\" data-id=\"5b43b60\" data-element_type=\"widget\" data-e-type=\"widget\" data-widget_type=\"button.default\">\n\t\t\t\t<div class=\"elementor-widget-container\">\n\t\t\t\t\t\t\t\t\t<div class=\"elementor-button-wrapper\">\n\t\t\t\t\t<a class=\"elementor-button elementor-button-link elementor-size-sm\" href=\"https:\/\/www.markusrosenbaum.com\/en\/contact\/\">\n\t\t\t\t\t\t<span class=\"elementor-button-content-wrapper\">\n\t\t\t\t\t\t<span class=\"elementor-button-icon\">\n\t\t\t\t<i aria-hidden=\"true\" class=\"fas fa-arrow-right\"><\/i>\t\t\t<\/span>\n\t\t\t\t\t\t\t\t\t<span class=\"elementor-button-text\">enquire now<\/span>\n\t\t\t\t\t<\/span>\n\t\t\t\t\t<\/a>\n\t\t\t\t<\/div>\n\t\t\t\t\t\t\t\t<\/div>\n\t\t\t\t<\/div>\n\t\t\t\t<\/div>\n\t\t\t\t\t<\/div>\n\t\t\t\t<\/div>\n\t\t\t\t<\/div>","protected":false},"excerpt":{"rendered":"<p>My first DJ gig for the client Medifox Dan at the ALTENPFLEGE trade fair in Nuremberg was a real highlight. The atmosphere at the stand was fantastic, and I was able to get the employees dancing with a mix of hits and party tracks, so much so that in the end, nobody wanted to leave the dance floor. You can read why I always enjoy DJing at trade fair stand parties at the Nuremberg trade fair, and what needs to be considered on-site, here \u2192<\/p>","protected":false},"author":3,"featured_media":4913,"comment_status":"closed","ping_status":"open","sticky":false,"template":"","format":"standard","meta":{"neve_meta_sidebar":"","neve_meta_container":"","neve_meta_enable_content_width":"","neve_meta_content_width":0,"neve_meta_title_alignment":"","neve_meta_author_avatar":"","neve_post_elements_order":"","neve_meta_disable_header":"","neve_meta_disable_footer":"","neve_meta_disable_title":"","neve_meta_reading_time":"","footnotes":""},"categories":[26],"tags":[],"class_list":["post-4905","post","type-post","status-publish","format-standard","has-post-thumbnail","hentry","category-messen"],"yoast_head":"<!-- This site is optimized with the Yoast SEO plugin v27.5 - https:\/\/yoast.com\/product\/yoast-seo-wordpress\/ -->\n<title>DJ auf der Messe N\u00fcrnberg: Eine mega Messestand-Party<\/title>\n<meta name=\"description\" content=\"Bei der Messestand-Party f\u00fcr den Kunden Medifox Dan auf der ALTENPFLEGE Messe in N\u00fcrnberg war die Stimmung fantastisch und die Tanzfl\u00e4che voll \u2192 mehr lesen\" \/>\n<meta name=\"robots\" content=\"index, follow, max-snippet:-1, max-image-preview:large, max-video-preview:-1\" \/>\n<link rel=\"canonical\" href=\"https:\/\/www.markusrosenbaum.com\/en\/dj-trade-fair-nuernberg\/\" \/>\n<meta property=\"og:locale\" content=\"en_GB\" \/>\n<meta property=\"og:type\" content=\"article\" \/>\n<meta property=\"og:title\" content=\"DJ auf der Messe N\u00fcrnberg: Eine mega Messestand-Party\" \/>\n<meta property=\"og:description\" content=\"Bei der Messestand-Party f\u00fcr den Kunden Medifox Dan auf der ALTENPFLEGE Messe in N\u00fcrnberg war die Stimmung fantastisch und die Tanzfl\u00e4che voll \u2192 mehr lesen\" \/>\n<meta property=\"og:url\" content=\"https:\/\/www.markusrosenbaum.com\/en\/dj-trade-fair-nuernberg\/\" \/>\n<meta property=\"og:site_name\" content=\"Event-DJ Markus Rosenbaum\" \/>\n<meta property=\"article:published_time\" content=\"2025-05-16T11:09:37+00:00\" \/>\n<meta property=\"article:modified_time\" content=\"2026-04-17T16:18:46+00:00\" \/>\n<meta property=\"og:image\" content=\"https:\/\/www.markusrosenbaum.com\/wp-content\/uploads\/2025\/05\/dj-messe-nuernberg.jpg\" \/>\n\t<meta property=\"og:image:width\" content=\"1920\" \/>\n\t<meta property=\"og:image:height\" content=\"1280\" \/>\n\t<meta property=\"og:image:type\" content=\"image\/jpeg\" \/>\n<meta name=\"author\" content=\"Markus Rosenbaum\" \/>\n<meta name=\"twitter:card\" content=\"summary_large_image\" \/>\n<meta name=\"twitter:label1\" content=\"Written by\" \/>\n\t<meta name=\"twitter:data1\" content=\"Markus Rosenbaum\" \/>\n\t<meta name=\"twitter:label2\" content=\"Estimated reading time\" \/>\n\t<meta name=\"twitter:data2\" content=\"6 minutes\" \/>\n<script type=\"application\/ld+json\" class=\"yoast-schema-graph\">{\"@context\":\"https:\\\/\\\/schema.org\",\"@graph\":[{\"@type\":\"Article\",\"@id\":\"https:\\\/\\\/www.markusrosenbaum.com\\\/dj-messe-nuernberg\\\/#article\",\"isPartOf\":{\"@id\":\"https:\\\/\\\/www.markusrosenbaum.com\\\/dj-messe-nuernberg\\\/\"},\"author\":{\"name\":\"Markus Rosenbaum\",\"@id\":\"https:\\\/\\\/www.markusrosenbaum.com\\\/#\\\/schema\\\/person\\\/417f775c8d30470692f4baf0375131f1\"},\"headline\":\"DJ Messe N\u00fcrnberg: Mein Gig auf der ALTENPFLEGE 2025\",\"datePublished\":\"2025-05-16T11:09:37+00:00\",\"dateModified\":\"2026-04-17T16:18:46+00:00\",\"mainEntityOfPage\":{\"@id\":\"https:\\\/\\\/www.markusrosenbaum.com\\\/dj-messe-nuernberg\\\/\"},\"wordCount\":876,\"publisher\":{\"@id\":\"https:\\\/\\\/www.markusrosenbaum.com\\\/#organization\"},\"image\":{\"@id\":\"https:\\\/\\\/www.markusrosenbaum.com\\\/dj-messe-nuernberg\\\/#primaryimage\"},\"thumbnailUrl\":\"https:\\\/\\\/www.markusrosenbaum.com\\\/wp-content\\\/uploads\\\/2025\\\/05\\\/dj-messe-nuernberg.jpg\",\"articleSection\":[\"Messen\"],\"inLanguage\":\"en-GB\"},{\"@type\":\"WebPage\",\"@id\":\"https:\\\/\\\/www.markusrosenbaum.com\\\/dj-messe-nuernberg\\\/\",\"url\":\"https:\\\/\\\/www.markusrosenbaum.com\\\/dj-messe-nuernberg\\\/\",\"name\":\"DJ auf der Messe N\u00fcrnberg: Eine mega Messestand-Party\",\"isPartOf\":{\"@id\":\"https:\\\/\\\/www.markusrosenbaum.com\\\/#website\"},\"primaryImageOfPage\":{\"@id\":\"https:\\\/\\\/www.markusrosenbaum.com\\\/dj-messe-nuernberg\\\/#primaryimage\"},\"image\":{\"@id\":\"https:\\\/\\\/www.markusrosenbaum.com\\\/dj-messe-nuernberg\\\/#primaryimage\"},\"thumbnailUrl\":\"https:\\\/\\\/www.markusrosenbaum.com\\\/wp-content\\\/uploads\\\/2025\\\/05\\\/dj-messe-nuernberg.jpg\",\"datePublished\":\"2025-05-16T11:09:37+00:00\",\"dateModified\":\"2026-04-17T16:18:46+00:00\",\"description\":\"Bei der Messestand-Party f\u00fcr den Kunden Medifox Dan auf der ALTENPFLEGE Messe in N\u00fcrnberg war die Stimmung fantastisch und die Tanzfl\u00e4che voll \u2192 mehr lesen\",\"breadcrumb\":{\"@id\":\"https:\\\/\\\/www.markusrosenbaum.com\\\/dj-messe-nuernberg\\\/#breadcrumb\"},\"inLanguage\":\"en-GB\",\"potentialAction\":[{\"@type\":\"ReadAction\",\"target\":[\"https:\\\/\\\/www.markusrosenbaum.com\\\/dj-messe-nuernberg\\\/\"]}]},{\"@type\":\"ImageObject\",\"inLanguage\":\"en-GB\",\"@id\":\"https:\\\/\\\/www.markusrosenbaum.com\\\/dj-messe-nuernberg\\\/#primaryimage\",\"url\":\"https:\\\/\\\/www.markusrosenbaum.com\\\/wp-content\\\/uploads\\\/2025\\\/05\\\/dj-messe-nuernberg.jpg\",\"contentUrl\":\"https:\\\/\\\/www.markusrosenbaum.com\\\/wp-content\\\/uploads\\\/2025\\\/05\\\/dj-messe-nuernberg.jpg\",\"width\":1920,\"height\":1280,\"caption\":\"Mit LED-Beleuchtung ist die Halle 3A der N\u00fcrnbergMesse auch nachts ein Hingucker.\"},{\"@type\":\"BreadcrumbList\",\"@id\":\"https:\\\/\\\/www.markusrosenbaum.com\\\/dj-messe-nuernberg\\\/#breadcrumb\",\"itemListElement\":[{\"@type\":\"ListItem\",\"position\":1,\"name\":\"Startseite\",\"item\":\"https:\\\/\\\/www.markusrosenbaum.com\\\/\"},{\"@type\":\"ListItem\",\"position\":2,\"name\":\"DJ Messe N\u00fcrnberg: Mein Gig auf der ALTENPFLEGE 2025\"}]},{\"@type\":\"WebSite\",\"@id\":\"https:\\\/\\\/www.markusrosenbaum.com\\\/#website\",\"url\":\"https:\\\/\\\/www.markusrosenbaum.com\\\/\",\"name\":\"Event-DJ Markus Rosenbaum\",\"description\":\"DJ f\u00fcr Events und Firmen\",\"publisher\":{\"@id\":\"https:\\\/\\\/www.markusrosenbaum.com\\\/#organization\"},\"potentialAction\":[{\"@type\":\"SearchAction\",\"target\":{\"@type\":\"EntryPoint\",\"urlTemplate\":\"https:\\\/\\\/www.markusrosenbaum.com\\\/?s={search_term_string}\"},\"query-input\":{\"@type\":\"PropertyValueSpecification\",\"valueRequired\":true,\"valueName\":\"search_term_string\"}}],\"inLanguage\":\"en-GB\"},{\"@type\":\"Organization\",\"@id\":\"https:\\\/\\\/www.markusrosenbaum.com\\\/#organization\",\"name\":\"Event-DJ Markus Rosenbaum\",\"url\":\"https:\\\/\\\/www.markusrosenbaum.com\\\/\",\"logo\":{\"@type\":\"ImageObject\",\"inLanguage\":\"en-GB\",\"@id\":\"https:\\\/\\\/www.markusrosenbaum.com\\\/#\\\/schema\\\/logo\\\/image\\\/\",\"url\":\"\",\"contentUrl\":\"\",\"caption\":\"Event-DJ Markus Rosenbaum\"},\"image\":{\"@id\":\"https:\\\/\\\/www.markusrosenbaum.com\\\/#\\\/schema\\\/logo\\\/image\\\/\"}},{\"@type\":\"Person\",\"@id\":\"https:\\\/\\\/www.markusrosenbaum.com\\\/#\\\/schema\\\/person\\\/417f775c8d30470692f4baf0375131f1\",\"name\":\"Markus Rosenbaum\",\"image\":{\"@type\":\"ImageObject\",\"inLanguage\":\"en-GB\",\"@id\":\"https:\\\/\\\/secure.gravatar.com\\\/avatar\\\/5714b465b4c3e05f108faa393c83a34f16f27ea9eec1757e35506d1cdc8551a8?s=96&d=mm&r=g\",\"url\":\"https:\\\/\\\/secure.gravatar.com\\\/avatar\\\/5714b465b4c3e05f108faa393c83a34f16f27ea9eec1757e35506d1cdc8551a8?s=96&d=mm&r=g\",\"contentUrl\":\"https:\\\/\\\/secure.gravatar.com\\\/avatar\\\/5714b465b4c3e05f108faa393c83a34f16f27ea9eec1757e35506d1cdc8551a8?s=96&d=mm&r=g\",\"caption\":\"Markus Rosenbaum\"},\"sameAs\":[\"https:\\\/\\\/www.djmarkusrosenbaum.de\\\/\"]}]}<\/script>\n<!-- \/ Yoast SEO plugin. -->","yoast_head_json":{"title":"DJ at the Nuremberg Exhibition Centre: A mega exhibition stand party","description":"The stand party for the client Medifox Dan at the ALTENPFLEGE trade fair in Nuremberg had a fantastic atmosphere and the dance floor was packed \u2192 read more","robots":{"index":"index","follow":"follow","max-snippet":"max-snippet:-1","max-image-preview":"max-image-preview:large","max-video-preview":"max-video-preview:-1"},"canonical":"https:\/\/www.markusrosenbaum.com\/en\/dj-trade-fair-nuernberg\/","og_locale":"en_GB","og_type":"article","og_title":"DJ auf der Messe N\u00fcrnberg: Eine mega Messestand-Party","og_description":"Bei der Messestand-Party f\u00fcr den Kunden Medifox Dan auf der ALTENPFLEGE Messe in N\u00fcrnberg war die Stimmung fantastisch und die Tanzfl\u00e4che voll \u2192 mehr lesen","og_url":"https:\/\/www.markusrosenbaum.com\/en\/dj-trade-fair-nuernberg\/","og_site_name":"Event-DJ Markus Rosenbaum","article_published_time":"2025-05-16T11:09:37+00:00","article_modified_time":"2026-04-17T16:18:46+00:00","og_image":[{"width":1920,"height":1280,"url":"https:\/\/www.markusrosenbaum.com\/wp-content\/uploads\/2025\/05\/dj-messe-nuernberg.jpg","type":"image\/jpeg"}],"author":"Markus Rosenbaum","twitter_card":"summary_large_image","twitter_misc":{"Written by":"Markus Rosenbaum","Estimated reading time":"6 minutes"},"schema":{"@context":"https:\/\/schema.org","@graph":[{"@type":"Article","@id":"https:\/\/www.markusrosenbaum.com\/dj-messe-nuernberg\/#article","isPartOf":{"@id":"https:\/\/www.markusrosenbaum.com\/dj-messe-nuernberg\/"},"author":{"name":"Markus Rosenbaum","@id":"https:\/\/www.markusrosenbaum.com\/#\/schema\/person\/417f775c8d30470692f4baf0375131f1"},"headline":"DJ Messe N\u00fcrnberg: Mein Gig auf der ALTENPFLEGE 2025","datePublished":"2025-05-16T11:09:37+00:00","dateModified":"2026-04-17T16:18:46+00:00","mainEntityOfPage":{"@id":"https:\/\/www.markusrosenbaum.com\/dj-messe-nuernberg\/"},"wordCount":876,"publisher":{"@id":"https:\/\/www.markusrosenbaum.com\/#organization"},"image":{"@id":"https:\/\/www.markusrosenbaum.com\/dj-messe-nuernberg\/#primaryimage"},"thumbnailUrl":"https:\/\/www.markusrosenbaum.com\/wp-content\/uploads\/2025\/05\/dj-messe-nuernberg.jpg","articleSection":["Messen"],"inLanguage":"en-GB"},{"@type":"WebPage","@id":"https:\/\/www.markusrosenbaum.com\/dj-messe-nuernberg\/","url":"https:\/\/www.markusrosenbaum.com\/dj-messe-nuernberg\/","name":"DJ at the Nuremberg Exhibition Centre: A mega exhibition stand party","isPartOf":{"@id":"https:\/\/www.markusrosenbaum.com\/#website"},"primaryImageOfPage":{"@id":"https:\/\/www.markusrosenbaum.com\/dj-messe-nuernberg\/#primaryimage"},"image":{"@id":"https:\/\/www.markusrosenbaum.com\/dj-messe-nuernberg\/#primaryimage"},"thumbnailUrl":"https:\/\/www.markusrosenbaum.com\/wp-content\/uploads\/2025\/05\/dj-messe-nuernberg.jpg","datePublished":"2025-05-16T11:09:37+00:00","dateModified":"2026-04-17T16:18:46+00:00","description":"The stand party for the client Medifox Dan at the ALTENPFLEGE trade fair in Nuremberg had a fantastic atmosphere and the dance floor was packed \u2192 read more","breadcrumb":{"@id":"https:\/\/www.markusrosenbaum.com\/dj-messe-nuernberg\/#breadcrumb"},"inLanguage":"en-GB","potentialAction":[{"@type":"ReadAction","target":["https:\/\/www.markusrosenbaum.com\/dj-messe-nuernberg\/"]}]},{"@type":"ImageObject","inLanguage":"en-GB","@id":"https:\/\/www.markusrosenbaum.com\/dj-messe-nuernberg\/#primaryimage","url":"https:\/\/www.markusrosenbaum.com\/wp-content\/uploads\/2025\/05\/dj-messe-nuernberg.jpg","contentUrl":"https:\/\/www.markusrosenbaum.com\/wp-content\/uploads\/2025\/05\/dj-messe-nuernberg.jpg","width":1920,"height":1280,"caption":"Mit LED-Beleuchtung ist die Halle 3A der N\u00fcrnbergMesse auch nachts ein Hingucker."},{"@type":"BreadcrumbList","@id":"https:\/\/www.markusrosenbaum.com\/dj-messe-nuernberg\/#breadcrumb","itemListElement":[{"@type":"ListItem","position":1,"name":"Startseite","item":"https:\/\/www.markusrosenbaum.com\/"},{"@type":"ListItem","position":2,"name":"DJ Messe N\u00fcrnberg: Mein Gig auf der ALTENPFLEGE 2025"}]},{"@type":"WebSite","@id":"https:\/\/www.markusrosenbaum.com\/#website","url":"https:\/\/www.markusrosenbaum.com\/","name":"Event DJ Markus Rosenbaum","description":"DJ for events and companies","publisher":{"@id":"https:\/\/www.markusrosenbaum.com\/#organization"},"potentialAction":[{"@type":"SearchAction","target":{"@type":"EntryPoint","urlTemplate":"https:\/\/www.markusrosenbaum.com\/?s={search_term_string}"},"query-input":{"@type":"PropertyValueSpecification","valueRequired":true,"valueName":"search_term_string"}}],"inLanguage":"en-GB"},{"@type":"Organization","@id":"https:\/\/www.markusrosenbaum.com\/#organization","name":"Event DJ Markus Rosenbaum","url":"https:\/\/www.markusrosenbaum.com\/","logo":{"@type":"ImageObject","inLanguage":"en-GB","@id":"https:\/\/www.markusrosenbaum.com\/#\/schema\/logo\/image\/","url":"","contentUrl":"","caption":"Event-DJ Markus Rosenbaum"},"image":{"@id":"https:\/\/www.markusrosenbaum.com\/#\/schema\/logo\/image\/"}},{"@type":"Person","@id":"https:\/\/www.markusrosenbaum.com\/#\/schema\/person\/417f775c8d30470692f4baf0375131f1","name":"Markus Rosenbaum","image":{"@type":"ImageObject","inLanguage":"en-GB","@id":"https:\/\/secure.gravatar.com\/avatar\/5714b465b4c3e05f108faa393c83a34f16f27ea9eec1757e35506d1cdc8551a8?s=96&d=mm&r=g","url":"https:\/\/secure.gravatar.com\/avatar\/5714b465b4c3e05f108faa393c83a34f16f27ea9eec1757e35506d1cdc8551a8?s=96&d=mm&r=g","contentUrl":"https:\/\/secure.gravatar.com\/avatar\/5714b465b4c3e05f108faa393c83a34f16f27ea9eec1757e35506d1cdc8551a8?s=96&d=mm&r=g","caption":"Markus Rosenbaum"},"sameAs":["https:\/\/www.djmarkusrosenbaum.de\/"]}]}},"_links":{"self":[{"href":"https:\/\/www.markusrosenbaum.com\/en\/wp-json\/wp\/v2\/posts\/4905","targetHints":{"allow":["GET"]}}],"collection":[{"href":"https:\/\/www.markusrosenbaum.com\/en\/wp-json\/wp\/v2\/posts"}],"about":[{"href":"https:\/\/www.markusrosenbaum.com\/en\/wp-json\/wp\/v2\/types\/post"}],"author":[{"embeddable":true,"href":"https:\/\/www.markusrosenbaum.com\/en\/wp-json\/wp\/v2\/users\/3"}],"replies":[{"embeddable":true,"href":"https:\/\/www.markusrosenbaum.com\/en\/wp-json\/wp\/v2\/comments?post=4905"}],"version-history":[{"count":44,"href":"https:\/\/www.markusrosenbaum.com\/en\/wp-json\/wp\/v2\/posts\/4905\/revisions"}],"predecessor-version":[{"id":8267,"href":"https:\/\/www.markusrosenbaum.com\/en\/wp-json\/wp\/v2\/posts\/4905\/revisions\/8267"}],"wp:featuredmedia":[{"embeddable":true,"href":"https:\/\/www.markusrosenbaum.com\/en\/wp-json\/wp\/v2\/media\/4913"}],"wp:attachment":[{"href":"https:\/\/www.markusrosenbaum.com\/en\/wp-json\/wp\/v2\/media?parent=4905"}],"wp:term":[{"taxonomy":"category","embeddable":true,"href":"https:\/\/www.markusrosenbaum.com\/en\/wp-json\/wp\/v2\/categories?post=4905"},{"taxonomy":"post_tag","embeddable":true,"href":"https:\/\/www.markusrosenbaum.com\/en\/wp-json\/wp\/v2\/tags?post=4905"}],"curies":[{"name":"wp","href":"https:\/\/api.w.org\/{rel}","templated":true}]}}